{"id":7004,"date":"2026-04-22T10:35:59","date_gmt":"2026-04-22T08:35:59","guid":{"rendered":"https:\/\/www.alsacienne-cyclo.org\/?p=6926"},"modified":"2026-04-06T17:26:33","modified_gmt":"2026-04-06T15:26:33","slug":"gran-fondo-des-vosges-training","status":"publish","type":"post","link":"https:\/\/www.alsacienne-cyclo.org\/de\/gran-fondo-des-vosges-entrainement\/","title":{"rendered":"Gran Fondo der Vogesen: Allein oder in der Gruppe trainieren?"},"content":{"rendered":"<p class=\"translation-block\">Die am 29. Juni stattfindende L'Alsacienne, Ihr Gran Fondo der Vogesen, ist in erster Linie <strong>eine pers\u00f6nliche sportliche Herausforderung <\/strong>: Jeder entscheidet \u00fcber die Strecke, sein eigenes Ziel und misst sich mit anderen Teilnehmern.<\/p>\n<p class=\"translation-block\">Dennoch wird Geselligkeit das Schl\u00fcsselwort des Tages bleiben, und es ist  <strong>der Teamgeist <\/strong>, der <a href=\"\/de\/presse-medien\/\" target=\"_blank\" rel=\"noopener\"> die Teilnehmer und Freiwilligen der Alsacienne<\/a> antreiben wird.<\/p>\n<p>Ihre Vorbereitung kann dem Ereignis entsprechen: Gezwungenerma\u00dfen individuell, aber durch andere sublimiert.<\/p>\n<h2 style=\"text-align: left;\">Ein unabdingbarer Trainingsplan<\/h2>\n<p class=\"translation-block\">Die Individualisierung der Praxis bleibt eine Grundregel. (Lesen Sie <a href=\"\/de\/praxis-individuell-zu-gestalten\/\" target=\"_blank\" rel=\"noopener\">unseren Artikel<\/a>). Durch die individuelle Anpassung der Praxis ist es m\u00f6glich, einen Trainingsplan zu erstellen, in dem die verschiedenen Parameter (Distanzen, Profile, spezifische \u00dcbungen, Dauer und Intensit\u00e4t) f\u00fcr jede Fahrt festgelegt werden k\u00f6nnen. Die Einhaltung eines solchen Plans erfordert nat\u00fcrlich, dass man alleine f\u00e4hrt.<\/p>\n<p>Was ist also mit der Praxis in der Gruppe? Verpflichtet Sie eine seri\u00f6se Vorbereitung auf Ihr Gran Fondo der Vogesen dazu, sich beim Training zu isolieren? Nicht unbedingt...<\/p>\n<h2 style=\"text-align: left;\">Bevorzugen Sie Gruppenausfahrten<\/h2>\n<p>Wenn Sie die M\u00f6glichkeit haben, sollten Sie Gruppenfahrten nicht ausschlie\u00dfen, denn sie k\u00f6nnen sich aus mehreren Gr\u00fcnden als besonders vorteilhaft erweisen:<\/p>\n<ol>\n<li class=\"translation-block\">Als  <strong>Motivationsquelle <\/strong> bietet das Fahren in einem Peloton eine wahre Energie, die es erm\u00f6glicht, auf das Fahrrad zu steigen mit der Vorfreude, Freunde zu treffen, die die Leidenschaft f\u00fcr das Radfahren teilen. (Und vielleicht bereiten sogar mehrere Personen Ihrer Gruppe den Gran Fondo der Vogesen vor?)<\/li>\n<li class=\"translation-block\">Diese gemeinsamen Ausfl\u00fcge sind stimulierend und ermutigen dazu, manchmal aus Ihrer Komfortzone herauszukommen. Mit kleinen \u201eRennspielen\u201c in den Anstiegen kann das Fahren in einer Gruppe an die Tour de France erinnern. Die Vorbereitung im Stil des \u201eFartlek*\u201c wird sicherlich  <strong>unterhaltsamer <\/strong> sein als ein streng kalibriertes Intervalltraining.<\/li>\n<li class=\"translation-block\">Durch die Nachahmung der Bedingungen eines Pelotons erm\u00f6glicht das Fahren in der Gruppe  <strong>technische Fortschritte <\/strong>. Sich hinter die R\u00e4der des Anderen stellen, ohne Anspannung nebeneinander fahren, sicher einen Berg hinunterfahren... all das sind sehr n\u00fctzliche Eigenschaften, die man nicht vernachl\u00e4ssigen sollte.<\/li>\n<li class=\"translation-block\">Das Fahren mit befreundeten Radfahrern bietet Momente des Austauschs und bereichert den Sport durch  <strong>soziale Beziehungen <\/strong>, m\u00f6glichen Trost und auch Ratschl\u00e4ge. Und wenn man bedenkt, dass der Kopf eine sehr wichtige Rolle bei der sportlichen Leistung spielt ...<\/li>\n<\/ol>\n<p><a href=\"https:\/\/www.alsacienne-cyclo.org\/wp-content\/uploads\/2025\/04\/grand-fondo-des-vosges-entrainement-en-groupe-scaled-1.jpg\"><img fetchpriority=\"high\" decoding=\"async\" class=\"aligncenter wp-image-6929 size-large\" src=\"https:\/\/www.alsacienne-cyclo.org\/wp-content\/uploads\/2025\/04\/grand-fondo-des-vosges-entrainement-en-groupe-1024x680.jpg\" alt=\"2 coureurs cyclistes en pause durant le Gran Fondo des Vosges\" width=\"1024\" height=\"680\" \/><\/a><\/p>\n<h2 style=\"text-align: left;\">Gemeinsames Fahren: Seien Sie vorsichtig<\/h2>\n<p>Wenn Sie so oft wie m\u00f6glich von Gruppenausfl\u00fcgen (Verein oder informelle Gruppe) profitieren, ist es dennoch besser, bestimmte Regeln zu beachten.<\/p>\n<ol>\n<li class=\"translation-block\"><strong>Vermeiden Sie es, bei jedem Gruppentraining \u201eein Rennen zu fahren\u201c <\/strong>. Sie k\u00f6nnten Ausfl\u00fcge mit m\u00e4\u00dfiger Intensit\u00e4t vernachl\u00e4ssigen und zu \u00dcbertraining neigen. Vor allem, wenn das allgemeine Niveau Ihrer Kameraden hoch erscheint, ist es wahrscheinlich besser, einzelne Trainingseinheiten alleine zu absolvieren.<\/li>\n<li class=\"translation-block\">Machen Sie nicht Ihren \u201eDurchschnitt\u201c zum Ziel aller Gruppentrainings. Konkret bedeutet das: Wenn Sie immer \u201eschnell\u201c fahren, lernen Sie nicht, \u201esehr schnell\u201c zu fahren! Ihr Fortschritt wird begrenzt sein und vor allem werden Sie sich im Laufe der Saison nach und nach ersch\u00f6pfen. Qualitative Trainingseinheiten, bei denen sich <strong> intensive Anstrengungen und aktive Erholung <\/strong> abwechseln, k\u00f6nnen sich als viel effektiver erweisen.<\/li>\n<li class=\"translation-block\">Nutzen Sie den Rat Ihrer erfahreneren Begleiter, aber  <strong>h\u00f6ren Sie auch auf sich selbst <\/strong>. Es geht nicht darum, sich st\u00e4ndig von anderen beeinflussen zu lassen. Sie haben Ihre eigenen Ziele und Ihre eigenen pers\u00f6nlichen Einschr\u00e4nkungen. Au\u00dferdem kann es manchmal dazu f\u00fchren, dass man bestimmte Gruppentrainings verk\u00fcrzt oder ganz wegl\u00e4sst, wenn man Anzeichen von M\u00fcdigkeit bemerkt. Umso besser!<\/li>\n<li class=\"translation-block\">Tappen Sie nicht in die Falle, sich bei allen Gruppentrainings st\u00e4ndig mit anderen Sportlern zu vergleichen. Diese sollten vor allem  <strong>motivierend sein <\/strong> und nicht entt\u00e4uschend. Manchmal ist es auch notwendig, den Verein oder die Gruppe zu wechseln.<\/li>\n<\/ol>\n<h2 style=\"text-align: left;\">Tipps f\u00fcr einen erfolgreichen \u201eGran Fondo\u201c in den Vogesen<\/h2>\n<p class=\"translation-block\">Zusammenfassend scheint die optimale Vorbereitung auf die L'Alsacienne, Ihr <a href=\"\/de\/strecken-radmarathon-radwanderungen\/strecken-radmarathon-170-km\/\" target=\"_blank\" rel=\"noopener\">Gran Fondo der Vogesen<\/a>, diejenige zu sein, die die M\u00f6glichkeit bietet,  <strong>beide Trainingsarten zu kombinieren <\/strong>:<\/p>\n<ul>\n<li class=\"translation-block\"><strong>Solotrainings <\/strong>, die durch eine individuelle Vorbereitung geleitet werden. Sie erm\u00f6glichen es, eine bestimmte Qualit\u00e4t zu entwickeln oder im Gegenteil mit m\u00e4\u00dfiger Intensit\u00e4t zu fahren (Grundlagen- oder Erholungsfahrten).<\/li>\n<li class=\"translation-block\"><strong>Trainings im Peloton <\/strong>, die f\u00fcr das technische Lernen notwendig sind. Sie sind besonders motivierend, spielerischer und zwingen manchmal dazu, \u00fcber sich hinauszuwachsen.<\/li>\n<\/ul>\n<p><em>*Fartlek: Dieser Begriff schwedischen Ursprungs bezeichnet eine \u00dcbung, bei der sich eher intensive Anstrengungen mit aktiver Erholung abwechseln. Konkret geht es darum, \u201emit dem Profil zu spielen\u201c, da die Wechsel der Geschwindigkeiten nicht wirklich kalibriert sind.<\/em><\/p>\n<p>\u00c9ric GEHIN<\/p>\n<p><em>Conseiller sportif Brevet\u00e9 d\u2019Etat<br \/>\nDU Biologie de l\u2019Entra\u00eenement<\/em><\/p>","protected":false},"excerpt":{"rendered":"<p>Programm\u00e9e le 29 juin, L\u2019Alsacienne, votre Gran Fondo des Vosges, se pr\u00e9sente avant tout comme un d\u00e9fi sportif personnel\u00a0: \u00e0 chacun de d\u00e9cider du circuit, de son propre objectif, de se mesurer aux autres concurrents. Pourtant, la convivialit\u00e9 restera le ma\u00eetre mot de la journ\u00e9e et c\u2019est bien l\u2019esprit de groupe qui \u00a0animera participants et [&hellip;]<\/p>\n","protected":false},"author":5,"featured_media":7006,"comment_status":"closed","ping_status":"closed","sticky":false,"template":"","format":"standard","meta":{"footnotes":""},"categories":[246],"tags":[250,258,256,259],"class_list":["post-7004","post","type-post","status-publish","format-standard","has-post-thumbnail","hentry","category-cyclisme","tag-alsacienne","tag-course-cycliste","tag-entrainement","tag-grand-fondo"],"yoast_head":"<!-- This site is optimized with the Yoast SEO plugin v27.5 - https:\/\/yoast.com\/product\/yoast-seo-wordpress\/ -->\n<title>Gran Fondo des Vosges: s\u2019entra\u00eener seul ou en groupe ?<\/title>\n<meta name=\"description\" content=\"Gran Fondo des Vosges: s\u2019entra\u00eener seul ou en groupe ? On vous r\u00e9pond dans cet article ! Un indice : les 2 solutions pr\u00e9sentent des avantages \ud83d\ude09\" \/>\n<meta name=\"robots\" content=\"index, follow, max-snippet:-1, max-image-preview:large, max-video-preview:-1\" \/>\n<link rel=\"canonical\" href=\"https:\/\/www.alsacienne-cyclo.org\/de\/gran-fondo-des-vosges-training\/\" \/>\n<meta property=\"og:locale\" content=\"de_DE\" \/>\n<meta property=\"og:type\" content=\"article\" \/>\n<meta property=\"og:title\" content=\"Gran Fondo des Vosges: s\u2019entra\u00eener seul ou en groupe ?\" \/>\n<meta property=\"og:description\" content=\"Gran Fondo des Vosges: s\u2019entra\u00eener seul ou en groupe ? On vous r\u00e9pond dans cet article ! Un indice : les 2 solutions pr\u00e9sentent des avantages \ud83d\ude09\" \/>\n<meta property=\"og:url\" content=\"https:\/\/www.alsacienne-cyclo.org\/de\/gran-fondo-des-vosges-training\/\" \/>\n<meta property=\"og:site_name\" content=\"L&#039;Alsacienne Cyclo\" \/>\n<meta property=\"article:published_time\" content=\"2026-04-22T08:35:59+00:00\" \/>\n<meta property=\"og:image\" content=\"https:\/\/www.alsacienne-cyclo.org\/wp-content\/uploads\/2025\/04\/grand-fondo-des-vosges-entrainement-solo-scaled-1.jpg\" \/>\n\t<meta property=\"og:image:width\" content=\"2560\" \/>\n\t<meta property=\"og:image:height\" content=\"1700\" \/>\n\t<meta property=\"og:image:type\" content=\"image\/jpeg\" \/>\n<meta name=\"author\" content=\"Corinne Lecl\u00e8re\" \/>\n<meta name=\"twitter:card\" content=\"summary_large_image\" \/>\n<meta name=\"twitter:label1\" content=\"Verfasst von\" \/>\n\t<meta name=\"twitter:data1\" content=\"Corinne Lecl\u00e8re\" \/>\n\t<meta name=\"twitter:label2\" content=\"Gesch\u00e4tzte Lesezeit\" \/>\n\t<meta name=\"twitter:data2\" content=\"4\u00a0Minuten\" \/>\n<!-- \/ Yoast SEO plugin. -->","yoast_head_json":{"title":"Gran Fondo der Vogesen: Allein oder in der Gruppe trainieren?","description":"Gran Fondo des Vosges: Alleine oder in der Gruppe trainieren? Wir verraten es euch in diesem Artikel! Kleiner Tipp: Beide Optionen haben ihre Vorteile \ud83d\ude09","robots":{"index":"index","follow":"follow","max-snippet":"max-snippet:-1","max-image-preview":"max-image-preview:large","max-video-preview":"max-video-preview:-1"},"canonical":"https:\/\/www.alsacienne-cyclo.org\/de\/gran-fondo-des-vosges-training\/","og_locale":"de_DE","og_type":"article","og_title":"Gran Fondo des Vosges: s\u2019entra\u00eener seul ou en groupe ?","og_description":"Gran Fondo des Vosges: s\u2019entra\u00eener seul ou en groupe ? On vous r\u00e9pond dans cet article ! Un indice : les 2 solutions pr\u00e9sentent des avantages \ud83d\ude09","og_url":"https:\/\/www.alsacienne-cyclo.org\/de\/gran-fondo-des-vosges-training\/","og_site_name":"L&#039;Alsacienne Cyclo","article_published_time":"2026-04-22T08:35:59+00:00","og_image":[{"width":2560,"height":1700,"url":"https:\/\/www.alsacienne-cyclo.org\/wp-content\/uploads\/2025\/04\/grand-fondo-des-vosges-entrainement-solo-scaled-1.jpg","type":"image\/jpeg"}],"author":"Corinne Lecl\u00e8re","twitter_card":"summary_large_image","twitter_misc":{"Verfasst von":"Corinne Lecl\u00e8re","Gesch\u00e4tzte Lesezeit":"4\u00a0Minuten"},"schema":{"@context":"https:\/\/schema.org","@graph":[{"@type":["Article","BlogPosting"],"@id":"https:\/\/www.alsacienne-cyclo.org\/gran-fondo-des-vosges-entrainement\/#article","isPartOf":{"@id":"https:\/\/www.alsacienne-cyclo.org\/gran-fondo-des-vosges-entrainement\/"},"author":{"name":"Corinne Lecl\u00e8re","@id":"https:\/\/www.alsacienne-cyclo.org\/#\/schema\/person\/97511ed49e6a44ef0537f7358d9a77f4"},"headline":"Gran Fondo des Vosges : s\u2019entra\u00eener seul ou en groupe ?","datePublished":"2026-04-22T08:35:59+00:00","mainEntityOfPage":{"@id":"https:\/\/www.alsacienne-cyclo.org\/gran-fondo-des-vosges-entrainement\/"},"wordCount":842,"image":{"@id":"https:\/\/www.alsacienne-cyclo.org\/gran-fondo-des-vosges-entrainement\/#primaryimage"},"thumbnailUrl":"https:\/\/www.alsacienne-cyclo.org\/wp-content\/uploads\/2025\/04\/grand-fondo-des-vosges-entrainement-solo-scaled-1.jpg","keywords":["alsacienne","course cycliste","entra\u00eenement","grand fondo"],"articleSection":["Cyclisme"],"inLanguage":"de"},{"@type":"WebPage","@id":"https:\/\/www.alsacienne-cyclo.org\/gran-fondo-des-vosges-entrainement\/","url":"https:\/\/www.alsacienne-cyclo.org\/gran-fondo-des-vosges-entrainement\/","name":"Gran Fondo der Vogesen: Allein oder in der Gruppe trainieren?","isPartOf":{"@id":"https:\/\/www.alsacienne-cyclo.org\/#website"},"primaryImageOfPage":{"@id":"https:\/\/www.alsacienne-cyclo.org\/gran-fondo-des-vosges-entrainement\/#primaryimage"},"image":{"@id":"https:\/\/www.alsacienne-cyclo.org\/gran-fondo-des-vosges-entrainement\/#primaryimage"},"thumbnailUrl":"https:\/\/www.alsacienne-cyclo.org\/wp-content\/uploads\/2025\/04\/grand-fondo-des-vosges-entrainement-solo-scaled-1.jpg","datePublished":"2026-04-22T08:35:59+00:00","author":{"@id":"https:\/\/www.alsacienne-cyclo.org\/#\/schema\/person\/97511ed49e6a44ef0537f7358d9a77f4"},"description":"Gran Fondo des Vosges: Alleine oder in der Gruppe trainieren? Wir verraten es euch in diesem Artikel! Kleiner Tipp: Beide Optionen haben ihre Vorteile \ud83d\ude09","breadcrumb":{"@id":"https:\/\/www.alsacienne-cyclo.org\/gran-fondo-des-vosges-entrainement\/#breadcrumb"},"inLanguage":"de","potentialAction":[{"@type":"ReadAction","target":["https:\/\/www.alsacienne-cyclo.org\/gran-fondo-des-vosges-entrainement\/"]}]},{"@type":"ImageObject","inLanguage":"de","@id":"https:\/\/www.alsacienne-cyclo.org\/gran-fondo-des-vosges-entrainement\/#primaryimage","url":"https:\/\/www.alsacienne-cyclo.org\/wp-content\/uploads\/2025\/04\/grand-fondo-des-vosges-entrainement-solo-scaled-1.jpg","contentUrl":"https:\/\/www.alsacienne-cyclo.org\/wp-content\/uploads\/2025\/04\/grand-fondo-des-vosges-entrainement-solo-scaled-1.jpg","width":2560,"height":1700,"caption":"Coureur cycliste durant le Gran Fondo des Vosges"},{"@type":"BreadcrumbList","@id":"https:\/\/www.alsacienne-cyclo.org\/gran-fondo-des-vosges-entrainement\/#breadcrumb","itemListElement":[{"@type":"ListItem","position":1,"name":"Accueil","item":"https:\/\/www.alsacienne-cyclo.org\/fr\/"},{"@type":"ListItem","position":2,"name":"Gran Fondo des Vosges : s\u2019entra\u00eener seul ou en groupe ?"}]},{"@type":"WebSite","@id":"https:\/\/www.alsacienne-cyclo.org\/#website","url":"https:\/\/www.alsacienne-cyclo.org\/","name":"L&#039;Alsacienne Cyclo","description":"Au\u00dfergew\u00f6hnliche Strecken f\u00fcr alle Ambitionen","potentialAction":[{"@type":"SearchAction","target":{"@type":"EntryPoint","urlTemplate":"https:\/\/www.alsacienne-cyclo.org\/?s={search_term_string}"},"query-input":{"@type":"PropertyValueSpecification","valueRequired":true,"valueName":"search_term_string"}}],"inLanguage":"de"},{"@type":"Person","@id":"https:\/\/www.alsacienne-cyclo.org\/#\/schema\/person\/97511ed49e6a44ef0537f7358d9a77f4","name":"Corinne Lecl\u00e8re","image":{"@type":"ImageObject","inLanguage":"de","@id":"https:\/\/secure.gravatar.com\/avatar\/e817259c2936a2bf2c3d0a45617d516d0a5db6ee470977c08d52a681f04266d9?s=96&d=mm&r=g","url":"https:\/\/secure.gravatar.com\/avatar\/e817259c2936a2bf2c3d0a45617d516d0a5db6ee470977c08d52a681f04266d9?s=96&d=mm&r=g","contentUrl":"https:\/\/secure.gravatar.com\/avatar\/e817259c2936a2bf2c3d0a45617d516d0a5db6ee470977c08d52a681f04266d9?s=96&d=mm&r=g","caption":"Corinne Lecl\u00e8re"}}]}},"_links":{"self":[{"href":"https:\/\/www.alsacienne-cyclo.org\/de\/wp-json\/wp\/v2\/posts\/7004","targetHints":{"allow":["GET"]}}],"collection":[{"href":"https:\/\/www.alsacienne-cyclo.org\/de\/wp-json\/wp\/v2\/posts"}],"about":[{"href":"https:\/\/www.alsacienne-cyclo.org\/de\/wp-json\/wp\/v2\/types\/post"}],"author":[{"embeddable":true,"href":"https:\/\/www.alsacienne-cyclo.org\/de\/wp-json\/wp\/v2\/users\/5"}],"replies":[{"embeddable":true,"href":"https:\/\/www.alsacienne-cyclo.org\/de\/wp-json\/wp\/v2\/comments?post=7004"}],"version-history":[{"count":2,"href":"https:\/\/www.alsacienne-cyclo.org\/de\/wp-json\/wp\/v2\/posts\/7004\/revisions"}],"predecessor-version":[{"id":8019,"href":"https:\/\/www.alsacienne-cyclo.org\/de\/wp-json\/wp\/v2\/posts\/7004\/revisions\/8019"}],"wp:featuredmedia":[{"embeddable":true,"href":"https:\/\/www.alsacienne-cyclo.org\/de\/wp-json\/wp\/v2\/media\/7006"}],"wp:attachment":[{"href":"https:\/\/www.alsacienne-cyclo.org\/de\/wp-json\/wp\/v2\/media?parent=7004"}],"wp:term":[{"taxonomy":"category","embeddable":true,"href":"https:\/\/www.alsacienne-cyclo.org\/de\/wp-json\/wp\/v2\/categories?post=7004"},{"taxonomy":"post_tag","embeddable":true,"href":"https:\/\/www.alsacienne-cyclo.org\/de\/wp-json\/wp\/v2\/tags?post=7004"}],"curies":[{"name":"wp","href":"https:\/\/api.w.org\/{rel}","templated":true}]}}