{"id":6681,"date":"2025-01-25T14:17:25","date_gmt":"2025-01-25T13:17:25","guid":{"rendered":"https:\/\/www.alsacienne-cyclo.org\/?p=6681"},"modified":"2026-01-31T16:46:35","modified_gmt":"2026-01-31T15:46:35","slug":"praxis-individuell-zu-gestalten","status":"publish","type":"post","link":"https:\/\/www.alsacienne-cyclo.org\/de\/personnaliser-votre-pratique\/","title":{"rendered":"Radfahrer: Unsere 3\u00a0Tipps, um Ihre Praxis individuell zu gestalten"},"content":{"rendered":"<p>Vous \u00eates d\u00e9j\u00e0 tourn\u00e9 vers la saison cycliste qui s\u2019annonce ? D\u00e9couvrez nos 3 conseils pour personnaliser votre pratique et donner le meilleur de vous-m\u00eame ! Cet article a \u00e9t\u00e9 r\u00e9dig\u00e9 par Eric GEHIN, conseiller sportif Brevet\u00e9 d&rsquo;\u00c9tat et titulaire d&rsquo;un DU Biologie de l&rsquo;Entra\u00eenement.<\/p>\n<h2 style=\"text-align: left;\">1 - Ziehen Sie eine Bilanz der vergangenen Radsportsaison<\/h2>\n<p class=\"translation-block\">Bereiten Sie sich auf die Radsportsaison 2025 vor, und insbesondere auf die L'Alsacienne, die am 29. Juni stattfindet? Haben Sie sich schon auf die bevorstehende Fahrradsaison eingestellt? Bevor Sie sich mit gesenktem Kopf in den Sommer st\u00fcrzen, ist es besonders hilfreich, eine Bilanz der vergangenen Saison gezogen zu haben.<\/p>\n<p>Insgesamt sind Sie mit Ihrer Saison mehr oder weniger zufrieden oder unzufrieden. Hier sind 3\u00a0Fragen, die Sie sich stellen sollten, um Bilanz zu ziehen:<\/p>\n<ol>\n<li>Wurden die Ziele, die Sie sich gesetzt hatten, erreicht?<\/li>\n<li>Vielleicht waren Sie zu ehrgeizig?<\/li>\n<li>Oder wurden im Gegenteil Ihre Erwartungen entt\u00e4uscht?<\/li>\n<\/ol>\n<p class=\"translation-block\">Vielleicht haben Sie das Training im letzten Quartal auch an Ihren Fitnesszustand nach der letzten Saison angepasst. Je nachdem, ob Sie sich \u201em\u00fcde und ersch\u00f6pft\u201c oder \u201enoch voller Energie\u201c f\u00fchlten, war Ihr Training unterschiedlich, mit einem mehr oder weniger klaren Unterbruch.<\/p>\n<p class=\"translation-block\">Es ist auch interessant, Ihre eigenen Defizite und Schw\u00e4chen zu erkennen, die Sie in der letzten Saison gebremst haben.<\/p>\n<p>Die folgende Tabelle kann Ihnen dabei helfen, eine solche Bilanz zu ziehen:<\/p>\n<p><strong>Meine St\u00e4rken und Schw\u00e4chen im Jahr 2024<br \/>\n<\/strong><\/p>\n<table>\n<tbody>\n<tr>\n<th><\/th>\n<th>Note von 0 bis 5<\/th>\n<\/tr>\n<tr>\n<td>Die Distanz halten<\/td>\n<td rowspan=\"1\"><\/td>\n<\/tr>\n<tr>\n<td>Einen hohen Durchschnitt auf einer flachen Strecke w\u00e4hrend einer 1\u00a0Stunde halten<\/td>\n<td><\/td>\n<\/tr>\n<tr>\n<td>Einen 10\u00a0Km langen Pass hinauffahren<\/td>\n<td><\/td>\n<\/tr>\n<tr>\n<td>Eine 5-min\u00fctige Anstrengung unternehmen<\/td>\n<td><\/td>\n<\/tr>\n<tr>\n<td>Rhythmuswechsel bew\u00e4ltigen<\/td>\n<td><\/td>\n<\/tr>\n<tr>\n<td>In einer Steigung gro\u00dfe G\u00e4nge einlegen und dabei sitzen bleiben<\/td>\n<td><\/td>\n<\/tr>\n<tr>\n<td>Die Beine drehen in kleinen G\u00e4ngen<\/td>\n<td><\/td>\n<\/tr>\n<tr>\n<td>Lange in der Position \u201eH\u00e4nde unten am Lenker\u201c bleiben<\/td>\n<td><\/td>\n<\/tr>\n<tr>\n<td>Die Position \u201eWiegetritt\u201c lange halten<\/td>\n<td><\/td>\n<\/tr>\n<tr>\n<td>Sich in einem Peloton wohlf\u00fchlen<\/td>\n<td><\/td>\n<\/tr>\n<tr>\n<td>Eine technische Abfahrt bew\u00e4ltigen<\/td>\n<td><\/td>\n<\/tr>\n<tr>\n<td>Den Stress vor dem Rennen bew\u00e4ltigen<\/td>\n<td><\/td>\n<\/tr>\n<tr>\n<td>Eine sportliche Ern\u00e4hrungsweise einhalten<\/td>\n<td><\/td>\n<\/tr>\n<tr>\n<td>Meine sportliche Bet\u00e4tigung mit meiner beruflichen T\u00e4tigkeit in Einklang bringen<\/td>\n<td><\/td>\n<\/tr>\n<tr>\n<td>Meine sportliche Bet\u00e4tigung mit meinem Familienleben in Einklang bringen<\/td>\n<td><\/td>\n<\/tr>\n<tr>\n<td>Meine Ausr\u00fcstung kennen (Mechanik, Funktionsweise des Schaltwerks, Position usw.)<\/td>\n<td><\/td>\n<\/tr>\n<\/tbody>\n<\/table>\n<p class=\"translation-block\">Indem Sie die festgestellten Schwachstellen hervorheben, sind Sie in der Lage, Ihr Training f\u00fcr die n\u00e4chsten 3\u00a0Monaten anzupassen. Diese Punkte m\u00fcssen fr\u00fchzeitig, d. h. ab sofort, ber\u00fccksichtigt werden. Im Folgenden finden Sie 2\u00a0L\u00f6sungen, um auf ein Problem zu reagieren:<\/p>\n<ul>\n<li class=\"translation-block\">Sorgen wegen Stress? Es ist eine gute Idee, sich mit Entspannungstechniken vertraut zu machen.<\/li>\n<li class=\"translation-block\">Schwierigkeiten, gro\u00dfe G\u00e4nge zu schalten? Spezifische Kraft\u00fcbungen auf dem Fahrrad bei gleichzeitigen regelm\u00e4\u00dfigen Gaining-\u00dcbungen sind eine L\u00f6sung.<\/li>\n<\/ul>\n<p class=\"translation-block\">In jedem Fall sind Ihre pers\u00f6nlichen Erfahrungen wertvoll. Sie erm\u00f6glichen es Ihnen, Ihr Training individuell anzupassen und sich von Standardtipps zu entfernen, die selten auf Ihre speziellen Bed\u00fcrfnisse zugeschnitten sind.<\/p>\n<h2 style=\"text-align: left;\">2 - Setzen Sie sich zu Beginn des Jahres Ziele<\/h2>\n<p class=\"translation-block\">Zweifellos haben Sie geplant, an der L'Alsacienne teilzunehmen. Vielleicht streben Sie die 145\u00a0Km lange Strecke an oder sogar den Gran Fondo 170\u00a0Km? Erw\u00e4gen Sie die Teilnahme an Vorbereitungswettk\u00e4mpfe in diesem Fr\u00fchjahr? Oder ist L\u2018Alsacienne Ihr einziger Termin? Oder dient sie als Generalprobe f\u00fcr die Etappe der Tour de France, die drei Wochen sp\u00e4ter stattfindet? Wie auch immer, Ihr Trainingsplan ergibt sich aus diesem Radsportkalender. Sich Ziele zu setzen und dann die Trainingsmittel einzusetzen, mit denen diese Ziele erreicht werden k\u00f6nnen, scheint ein logischer Schritt zu sein.<\/p>\n<p><a href=\"https:\/\/www.alsacienne-cyclo.org\/wp-content\/uploads\/2025\/01\/personnaliser-votre-pratique-cycliste-exemple-alsacienne-scaled.jpg\"><img fetchpriority=\"high\" decoding=\"async\" class=\"aligncenter wp-image-6684 size-large\" src=\"https:\/\/www.alsacienne-cyclo.org\/wp-content\/uploads\/2025\/01\/personnaliser-votre-pratique-cycliste-exemple-alsacienne-1024x683.jpg\" alt=\"Personalisieren Sie Ihre Radsportpraxis, um in L&#039;Alsacienne 2025 erfolgreich zu sein!\" width=\"1024\" height=\"683\" srcset=\"https:\/\/www.alsacienne-cyclo.org\/wp-content\/uploads\/2025\/01\/personnaliser-votre-pratique-cycliste-exemple-alsacienne-1024x683.jpg 1024w, https:\/\/www.alsacienne-cyclo.org\/wp-content\/uploads\/2025\/01\/personnaliser-votre-pratique-cycliste-exemple-alsacienne-300x200.jpg 300w, https:\/\/www.alsacienne-cyclo.org\/wp-content\/uploads\/2025\/01\/personnaliser-votre-pratique-cycliste-exemple-alsacienne-768x512.jpg 768w, https:\/\/www.alsacienne-cyclo.org\/wp-content\/uploads\/2025\/01\/personnaliser-votre-pratique-cycliste-exemple-alsacienne-1536x1024.jpg 1536w, https:\/\/www.alsacienne-cyclo.org\/wp-content\/uploads\/2025\/01\/personnaliser-votre-pratique-cycliste-exemple-alsacienne-2048x1365.jpg 2048w, https:\/\/www.alsacienne-cyclo.org\/wp-content\/uploads\/2025\/01\/personnaliser-votre-pratique-cycliste-exemple-alsacienne-18x12.jpg 18w, https:\/\/www.alsacienne-cyclo.org\/wp-content\/uploads\/2025\/01\/personnaliser-votre-pratique-cycliste-exemple-alsacienne-370x247.jpg 370w, https:\/\/www.alsacienne-cyclo.org\/wp-content\/uploads\/2025\/01\/personnaliser-votre-pratique-cycliste-exemple-alsacienne-760x507.jpg 760w, https:\/\/www.alsacienne-cyclo.org\/wp-content\/uploads\/2025\/01\/personnaliser-votre-pratique-cycliste-exemple-alsacienne-390x260.jpg 390w\" sizes=\"(max-width: 1024px) 100vw, 1024px\" \/><\/a><\/p>\n<p class=\"translation-block\">Einfach und logisch, ja\u2026 wenn man das famili\u00e4re und berufliche Umfeld ausblendet, mit seinen Verpflichtungen und Einschr\u00e4nkungen die sich daraus ergeben. Es kann n\u00e4mlich durchaus sein, dass Sie nur begrenzt Zeit haben, um zu trainieren oder sich zu erholen.<\/p>\n<p style=\"text-align: center;\"><strong>Es ist wichtig, dass Sie Ihre Ziele und Ihr Training individuell anpassen.<\/strong><\/p>\n<p>Etwas anderes zu versuchen, kann zu Entt\u00e4uschung und Unausgeglichenheit f\u00fchren. Und wenn Sie in sozialen Netzwerken oder anderen Anwendungen sehen, dass Ihre Freunde schon zu Beginn des Jahres viele Stunden im Sattel verbringen, w\u00e4hrend Sie im B\u00fcro (oder bei Ihren Kindern) sind, dann ist das gut f\u00fcr sie (und f\u00fcr Sie!).<\/p>\n<p><em><strong>Vergleiche und Frustrationen werden Ihnen nicht helfen, im Gegenteil.<\/strong><\/em><\/p>\n<h2 style=\"text-align: left;\">3 - Eine Selbstverst\u00e4ndlichkeit: Individuelle Gestaltung<\/h2>\n<p class=\"translation-block\">Neben dem famili\u00e4ren und beruflichen Umfeld sollten Sie auch einen Blick auf Ihre Ausr\u00fcstung werfen: Verf\u00fcgen Sie \u00fcber ein Mountainbike, ein Gravel-Bike, einen Hometrainer? Haben Sie Zugang zu einem Fitnessraum, einem Schwimmbad ...?<\/p>\n<p class=\"translation-block\">Auch der geografische Aspekt ist f\u00fcr Ihr Training von Bedeutung. Ein Radfahrer aus Nizza oder Biarritz wird zu Beginn des Jahres ganz anders trainieren als ein Radfahrer, der im Norden oder in den Alpen wohnt, oder?<\/p>\n<p class=\"translation-block\">Auf jeden Fall muss der Jahresbeginn nicht unbedingt \u201enur Radfahren\u201c bedeuten. Die allgemeine k\u00f6rperliche Vorbereitung, auf anderen sportlichen Aktivit\u00e4ten basierend, bleibt wichtig. Somit k\u00f6nnen Sie an Ihren Schw\u00e4chen arbeiten und vor allem f\u00fcr Abwechslung sorgen. Auch hier gibt es keine allgemeine Regel, die man befolgen sollte. Laufen, Schwimmen, Skifahren, ... alles ist m\u00f6glich.<\/p>\n<p class=\"translation-block\">Individuelle Anpassung bleibt das Stichwort\u2026 Und auch wenn wir Ihnen keinen typischen Trainingsplan f\u00fcr den Januar anbieten k\u00f6nnen, m\u00f6ge dieser Artikel die wichtigsten Fragen aufzeigen, die Ihr Sportjahr bestimmen sollten.<\/p>\n<p align=\"JUSTIFY\">\u00c9ric GEHIN<\/p>\n<p><i>Conseiller sportif Brevet\u00e9 d&rsquo;Etat<br \/>\nDU Biologie de l&rsquo;Entra\u00eenement<\/i><\/p>","protected":false},"excerpt":{"rendered":"<p>Vous \u00eates d\u00e9j\u00e0 tourn\u00e9 vers la saison cycliste qui s\u2019annonce ? D\u00e9couvrez nos 3 conseils pour personnaliser votre pratique et donner le meilleur de vous-m\u00eame ! Cet article a \u00e9t\u00e9 r\u00e9dig\u00e9 par Eric GEHIN, conseiller sportif Brevet\u00e9 d&rsquo;\u00c9tat et titulaire d&rsquo;un DU Biologie de l&rsquo;Entra\u00eenement. 1 &#8211; Tirer un bilan de la saison cycliste pass\u00e9e [&hellip;]<\/p>\n","protected":false},"author":5,"featured_media":6743,"comment_status":"closed","ping_status":"closed","sticky":false,"template":"","format":"standard","meta":{"footnotes":""},"categories":[246],"tags":[250,249,247,248],"class_list":["post-6681","post","type-post","status-publish","format-standard","has-post-thumbnail","hentry","category-cyclisme","tag-alsacienne","tag-cyclisme","tag-personnaliser","tag-pratique"],"yoast_head":"<!-- This site is optimized with the Yoast SEO plugin v27.5 - https:\/\/yoast.com\/product\/yoast-seo-wordpress\/ -->\n<title>3 conseils pour personnaliser votre pratique cycliste<\/title>\n<meta name=\"description\" content=\"Comment bien r\u00e9ussir votre saison cycliste ? La r\u00e9ponse : personnaliser votre pratique. Eric, coach sportif professionnel vous indique tout !\" \/>\n<meta name=\"robots\" content=\"index, follow, max-snippet:-1, max-image-preview:large, max-video-preview:-1\" \/>\n<link rel=\"canonical\" href=\"https:\/\/www.alsacienne-cyclo.org\/de\/praxis-individuell-zu-gestalten\/\" \/>\n<meta property=\"og:locale\" content=\"de_DE\" \/>\n<meta property=\"og:type\" content=\"article\" \/>\n<meta property=\"og:title\" content=\"3 conseils pour personnaliser votre pratique cycliste\" \/>\n<meta property=\"og:description\" content=\"Comment bien r\u00e9ussir votre saison cycliste ? La r\u00e9ponse : personnaliser votre pratique. Eric, coach sportif professionnel vous indique tout !\" \/>\n<meta property=\"og:url\" content=\"https:\/\/www.alsacienne-cyclo.org\/de\/praxis-individuell-zu-gestalten\/\" \/>\n<meta property=\"og:site_name\" content=\"L&#039;Alsacienne Cyclo\" \/>\n<meta property=\"article:published_time\" content=\"2025-01-25T13:17:25+00:00\" \/>\n<meta property=\"article:modified_time\" content=\"2026-01-31T15:46:35+00:00\" \/>\n<meta property=\"og:image\" content=\"https:\/\/www.alsacienne-cyclo.org\/wp-content\/uploads\/2025\/01\/rothenbachkopf-vosges-cyclosportive-lalsacienne-scaled.jpg\" \/>\n\t<meta property=\"og:image:width\" content=\"2560\" \/>\n\t<meta property=\"og:image:height\" content=\"1700\" \/>\n\t<meta property=\"og:image:type\" content=\"image\/jpeg\" \/>\n<meta name=\"author\" content=\"Corinne Lecl\u00e8re\" \/>\n<meta name=\"twitter:card\" content=\"summary_large_image\" \/>\n<meta name=\"twitter:label1\" content=\"Verfasst von\" \/>\n\t<meta name=\"twitter:data1\" content=\"Corinne Lecl\u00e8re\" \/>\n\t<meta name=\"twitter:label2\" content=\"Gesch\u00e4tzte Lesezeit\" \/>\n\t<meta name=\"twitter:data2\" content=\"5\u00a0Minuten\" \/>\n<!-- \/ Yoast SEO plugin. -->","yoast_head_json":{"title":"Radfahrer: Unsere 3\u00a0Tipps, um Ihre Praxis individuell zu gestalten","description":"Wie k\u00f6nnen Sie Ihre Radsaison zu einem Erfolg machen? Die Antwort: Personalisieren Sie Ihre Praxis. Eric, professioneller Sporttrainer, erz\u00e4hlt dir alles!","robots":{"index":"index","follow":"follow","max-snippet":"max-snippet:-1","max-image-preview":"max-image-preview:large","max-video-preview":"max-video-preview:-1"},"canonical":"https:\/\/www.alsacienne-cyclo.org\/de\/praxis-individuell-zu-gestalten\/","og_locale":"de_DE","og_type":"article","og_title":"3 conseils pour personnaliser votre pratique cycliste","og_description":"Comment bien r\u00e9ussir votre saison cycliste ? La r\u00e9ponse : personnaliser votre pratique. Eric, coach sportif professionnel vous indique tout !","og_url":"https:\/\/www.alsacienne-cyclo.org\/de\/praxis-individuell-zu-gestalten\/","og_site_name":"L&#039;Alsacienne Cyclo","article_published_time":"2025-01-25T13:17:25+00:00","article_modified_time":"2026-01-31T15:46:35+00:00","og_image":[{"width":2560,"height":1700,"url":"https:\/\/www.alsacienne-cyclo.org\/wp-content\/uploads\/2025\/01\/rothenbachkopf-vosges-cyclosportive-lalsacienne-scaled.jpg","type":"image\/jpeg"}],"author":"Corinne Lecl\u00e8re","twitter_card":"summary_large_image","twitter_misc":{"Verfasst von":"Corinne Lecl\u00e8re","Gesch\u00e4tzte Lesezeit":"5\u00a0Minuten"},"schema":{"@context":"https:\/\/schema.org","@graph":[{"@type":["Article","BlogPosting"],"@id":"https:\/\/www.alsacienne-cyclo.org\/personnaliser-votre-pratique\/#article","isPartOf":{"@id":"https:\/\/www.alsacienne-cyclo.org\/personnaliser-votre-pratique\/"},"author":{"name":"Corinne Lecl\u00e8re","@id":"https:\/\/www.alsacienne-cyclo.org\/#\/schema\/person\/97511ed49e6a44ef0537f7358d9a77f4"},"headline":"Cyclistes, nos 3 conseils pour personnaliser votre pratique","datePublished":"2025-01-25T13:17:25+00:00","dateModified":"2026-01-31T15:46:35+00:00","mainEntityOfPage":{"@id":"https:\/\/www.alsacienne-cyclo.org\/personnaliser-votre-pratique\/"},"wordCount":958,"image":{"@id":"https:\/\/www.alsacienne-cyclo.org\/personnaliser-votre-pratique\/#primaryimage"},"thumbnailUrl":"https:\/\/www.alsacienne-cyclo.org\/wp-content\/uploads\/2025\/01\/rothenbachkopf-vosges-cyclosportive-lalsacienne-scaled.jpg","keywords":["alsacienne","cyclisme","personnaliser","pratique"],"articleSection":["Cyclisme"],"inLanguage":"de"},{"@type":"WebPage","@id":"https:\/\/www.alsacienne-cyclo.org\/personnaliser-votre-pratique\/","url":"https:\/\/www.alsacienne-cyclo.org\/personnaliser-votre-pratique\/","name":"Radfahrer: Unsere 3\u00a0Tipps, um Ihre Praxis individuell zu gestalten","isPartOf":{"@id":"https:\/\/www.alsacienne-cyclo.org\/#website"},"primaryImageOfPage":{"@id":"https:\/\/www.alsacienne-cyclo.org\/personnaliser-votre-pratique\/#primaryimage"},"image":{"@id":"https:\/\/www.alsacienne-cyclo.org\/personnaliser-votre-pratique\/#primaryimage"},"thumbnailUrl":"https:\/\/www.alsacienne-cyclo.org\/wp-content\/uploads\/2025\/01\/rothenbachkopf-vosges-cyclosportive-lalsacienne-scaled.jpg","datePublished":"2025-01-25T13:17:25+00:00","dateModified":"2026-01-31T15:46:35+00:00","author":{"@id":"https:\/\/www.alsacienne-cyclo.org\/#\/schema\/person\/97511ed49e6a44ef0537f7358d9a77f4"},"description":"Wie k\u00f6nnen Sie Ihre Radsaison zu einem Erfolg machen? Die Antwort: Personalisieren Sie Ihre Praxis. Eric, professioneller Sporttrainer, erz\u00e4hlt dir alles!","breadcrumb":{"@id":"https:\/\/www.alsacienne-cyclo.org\/personnaliser-votre-pratique\/#breadcrumb"},"inLanguage":"de","potentialAction":[{"@type":"ReadAction","target":["https:\/\/www.alsacienne-cyclo.org\/personnaliser-votre-pratique\/"]}]},{"@type":"ImageObject","inLanguage":"de","@id":"https:\/\/www.alsacienne-cyclo.org\/personnaliser-votre-pratique\/#primaryimage","url":"https:\/\/www.alsacienne-cyclo.org\/wp-content\/uploads\/2025\/01\/rothenbachkopf-vosges-cyclosportive-lalsacienne-scaled.jpg","contentUrl":"https:\/\/www.alsacienne-cyclo.org\/wp-content\/uploads\/2025\/01\/rothenbachkopf-vosges-cyclosportive-lalsacienne-scaled.jpg","width":2560,"height":1700,"caption":"3 conseils pour personnaliser votre pratique du cyclisme et pouvoir attaquer le Rothenbachkopf de la cyclosportive des Vosges"},{"@type":"BreadcrumbList","@id":"https:\/\/www.alsacienne-cyclo.org\/personnaliser-votre-pratique\/#breadcrumb","itemListElement":[{"@type":"ListItem","position":1,"name":"Accueil","item":"https:\/\/www.alsacienne-cyclo.org\/fr\/"},{"@type":"ListItem","position":2,"name":"Cyclistes, nos 3 conseils pour personnaliser votre pratique"}]},{"@type":"WebSite","@id":"https:\/\/www.alsacienne-cyclo.org\/#website","url":"https:\/\/www.alsacienne-cyclo.org\/","name":"L&#039;Alsacienne Cyclo","description":"Au\u00dfergew\u00f6hnliche Strecken f\u00fcr alle Ambitionen","potentialAction":[{"@type":"SearchAction","target":{"@type":"EntryPoint","urlTemplate":"https:\/\/www.alsacienne-cyclo.org\/?s={search_term_string}"},"query-input":{"@type":"PropertyValueSpecification","valueRequired":true,"valueName":"search_term_string"}}],"inLanguage":"de"},{"@type":"Person","@id":"https:\/\/www.alsacienne-cyclo.org\/#\/schema\/person\/97511ed49e6a44ef0537f7358d9a77f4","name":"Corinne Lecl\u00e8re","image":{"@type":"ImageObject","inLanguage":"de","@id":"https:\/\/secure.gravatar.com\/avatar\/e817259c2936a2bf2c3d0a45617d516d0a5db6ee470977c08d52a681f04266d9?s=96&d=mm&r=g","url":"https:\/\/secure.gravatar.com\/avatar\/e817259c2936a2bf2c3d0a45617d516d0a5db6ee470977c08d52a681f04266d9?s=96&d=mm&r=g","contentUrl":"https:\/\/secure.gravatar.com\/avatar\/e817259c2936a2bf2c3d0a45617d516d0a5db6ee470977c08d52a681f04266d9?s=96&d=mm&r=g","caption":"Corinne Lecl\u00e8re"}}]}},"_links":{"self":[{"href":"https:\/\/www.alsacienne-cyclo.org\/de\/wp-json\/wp\/v2\/posts\/6681","targetHints":{"allow":["GET"]}}],"collection":[{"href":"https:\/\/www.alsacienne-cyclo.org\/de\/wp-json\/wp\/v2\/posts"}],"about":[{"href":"https:\/\/www.alsacienne-cyclo.org\/de\/wp-json\/wp\/v2\/types\/post"}],"author":[{"embeddable":true,"href":"https:\/\/www.alsacienne-cyclo.org\/de\/wp-json\/wp\/v2\/users\/5"}],"replies":[{"embeddable":true,"href":"https:\/\/www.alsacienne-cyclo.org\/de\/wp-json\/wp\/v2\/comments?post=6681"}],"version-history":[{"count":1,"href":"https:\/\/www.alsacienne-cyclo.org\/de\/wp-json\/wp\/v2\/posts\/6681\/revisions"}],"predecessor-version":[{"id":7937,"href":"https:\/\/www.alsacienne-cyclo.org\/de\/wp-json\/wp\/v2\/posts\/6681\/revisions\/7937"}],"wp:featuredmedia":[{"embeddable":true,"href":"https:\/\/www.alsacienne-cyclo.org\/de\/wp-json\/wp\/v2\/media\/6743"}],"wp:attachment":[{"href":"https:\/\/www.alsacienne-cyclo.org\/de\/wp-json\/wp\/v2\/media?parent=6681"}],"wp:term":[{"taxonomy":"category","embeddable":true,"href":"https:\/\/www.alsacienne-cyclo.org\/de\/wp-json\/wp\/v2\/categories?post=6681"},{"taxonomy":"post_tag","embeddable":true,"href":"https:\/\/www.alsacienne-cyclo.org\/de\/wp-json\/wp\/v2\/tags?post=6681"}],"curies":[{"name":"wp","href":"https:\/\/api.w.org\/{rel}","templated":true}]}}